{"id":471,"date":"2026-03-14T12:00:00","date_gmt":"2026-03-14T15:00:00","guid":{"rendered":"https:\/\/sociedaddechacareros.com.ar\/sj\/novedades\/?p=471"},"modified":"2026-03-24T11:17:03","modified_gmt":"2026-03-24T14:17:03","slug":"reunion-informativa-destinada-a-sus-asociados","status":"publish","type":"post","link":"https:\/\/sociedaddechacareros.com.ar\/sj\/novedades\/reunion-informativa-destinada-a-sus-asociados\/","title":{"rendered":"Reuni\u00f3n informativa destinada a sus asociados"},"content":{"rendered":"<div class=\"postie-post\">\n<div>\n<div>          &emsp;La Comisi\u00f3n Directiva de la Sociedad de Chacareros Temporarios de San Juan llev\u00f3 adelante una reuni\u00f3n informativa destinada a sus asociados, con el objetivo de compartir novedades y abordar distintos temas vinculados al funcionamiento del mercado y a la actividad productiva.<\/p>\n<p>  Durante el encuentro se gener\u00f3 un espacio de di\u00e1logo e intercambio, permitiendo mantener informados a los socios y escuchar inquietudes relacionadas al desarrollo de la actividad. Estos espacios fortalecen el v\u00ednculo institucional y el trabajo conjunto en beneficio del sector.      <\/p><\/div>\n<p>  <\/div>\n<p><\/p>\n<div class=\"postie-attachments\"><img decoding=\"async\" src=\"https:\/\/sociedaddechacareros.com.ar\/sj\/novedades\/wp-content\/uploads\/sites\/2\/2026\/03\/WhatsApp-Image-2026-03-24-at-09.45.57.jpeg\" alt=\"\" width=\"678px\" height=\"845px\" class=\"aligncenter size-full wp-image-472\" srcset=\"https:\/\/sociedaddechacareros.com.ar\/sj\/novedades\/wp-content\/uploads\/sites\/2\/2026\/03\/WhatsApp-Image-2026-03-24-at-09.45.57.jpeg 1080w, https:\/\/sociedaddechacareros.com.ar\/sj\/novedades\/wp-content\/uploads\/sites\/2\/2026\/03\/WhatsApp-Image-2026-03-24-at-09.45.57-241x300.jpeg 241w, https:\/\/sociedaddechacareros.com.ar\/sj\/novedades\/wp-content\/uploads\/sites\/2\/2026\/03\/WhatsApp-Image-2026-03-24-at-09.45.57-822x1024.jpeg 822w, https:\/\/sociedaddechacareros.com.ar\/sj\/novedades\/wp-content\/uploads\/sites\/2\/2026\/03\/WhatsApp-Image-2026-03-24-at-09.45.57-768x957.jpeg 768w\" sizes=\"(max-width: 1080px) 100vw, 1080px\" \/><\/div>\n<\/div>\n","protected":false},"excerpt":{"rendered":"<p>&emsp;La Comisi\u00f3n Directiva de la Sociedad de Chacareros Temporarios de San Juan llev\u00f3 adelante una reuni\u00f3n informativa destinada a sus asociados, con el objetivo de compartir novedades y abordar distintos temas vinculados al funcionamiento del mercado y a la actividad productiva. Durante el encuentro se gener\u00f3 un espacio de di\u00e1logo e intercambio, permitiendo mantener informados [&hellip;]<\/p>\n","protected":false},"author":3,"featured_media":472,"comment_status":"closed","ping_status":"","sticky":false,"template":"","format":"standard","meta":{"footnotes":""},"categories":[1],"tags":[],"class_list":["post-471","post","type-post","status-publish","format-standard","has-post-thumbnail","hentry","category-sin-categoria"],"_links":{"self":[{"href":"https:\/\/sociedaddechacareros.com.ar\/sj\/novedades\/wp-json\/wp\/v2\/posts\/471","targetHints":{"allow":["GET"]}}],"collection":[{"href":"https:\/\/sociedaddechacareros.com.ar\/sj\/novedades\/wp-json\/wp\/v2\/posts"}],"about":[{"href":"https:\/\/sociedaddechacareros.com.ar\/sj\/novedades\/wp-json\/wp\/v2\/types\/post"}],"author":[{"embeddable":true,"href":"https:\/\/sociedaddechacareros.com.ar\/sj\/novedades\/wp-json\/wp\/v2\/users\/3"}],"replies":[{"embeddable":true,"href":"https:\/\/sociedaddechacareros.com.ar\/sj\/novedades\/wp-json\/wp\/v2\/comments?post=471"}],"version-history":[{"count":1,"href":"https:\/\/sociedaddechacareros.com.ar\/sj\/novedades\/wp-json\/wp\/v2\/posts\/471\/revisions"}],"predecessor-version":[{"id":480,"href":"https:\/\/sociedaddechacareros.com.ar\/sj\/novedades\/wp-json\/wp\/v2\/posts\/471\/revisions\/480"}],"wp:featuredmedia":[{"embeddable":true,"href":"https:\/\/sociedaddechacareros.com.ar\/sj\/novedades\/wp-json\/wp\/v2\/media\/472"}],"wp:attachment":[{"href":"https:\/\/sociedaddechacareros.com.ar\/sj\/novedades\/wp-json\/wp\/v2\/media?parent=471"}],"wp:term":[{"taxonomy":"category","embeddable":true,"href":"https:\/\/sociedaddechacareros.com.ar\/sj\/novedades\/wp-json\/wp\/v2\/categories?post=471"},{"taxonomy":"post_tag","embeddable":true,"href":"https:\/\/sociedaddechacareros.com.ar\/sj\/novedades\/wp-json\/wp\/v2\/tags?post=471"}],"curies":[{"name":"wp","href":"https:\/\/api.w.org\/{rel}","templated":true}]}}