{"id":522,"date":"2026-04-09T12:00:00","date_gmt":"2026-04-09T15:00:00","guid":{"rendered":"https:\/\/sociedaddechacareros.com.ar\/sj\/novedades\/?p=522"},"modified":"2026-04-14T10:26:49","modified_gmt":"2026-04-14T13:26:49","slug":"nuevo-informe-analiza-la-transformacion-de-la-horticultura-cuyana-en-las-ultimas-decadas-foto","status":"publish","type":"post","link":"https:\/\/sociedaddechacareros.com.ar\/sj\/novedades\/nuevo-informe-analiza-la-transformacion-de-la-horticultura-cuyana-en-las-ultimas-decadas-foto\/","title":{"rendered":"Nuevo informe analiza la transformaci\u00f3n de la horticultura cuyana en las \u00faltimas d\u00e9cadas"},"content":{"rendered":"<div class=\"postie-post\">\n<div>\n<div>          &emsp;Un reciente informe elaborado por investigadores del INTA analiza los cambios que atraves\u00f3 la horticultura en San Juan y Mendoza durante los \u00faltimos 30 a\u00f1os.<\/p>\n<p>  Un informe recientemente publicado por investigadores del Instituto Nacional de Tecnolog\u00eda Agropecuaria (INTA) analiza la evoluci\u00f3n de la horticultura en la regi\u00f3n de Cuyo entre los a\u00f1os 1988 y 2018. El trabajo, titulado \u201cTerritorios hort\u00edcolas en transformaci\u00f3n. An\u00e1lisis de la horticultura cuyana (1988\u20132018)\u201d, fue elaborado por especialistas que estudiaron los cambios productivos, territoriales y sociales que se registraron en San Juan y Mendoza a lo largo de tres d\u00e9cadas.<\/p>\n<p>  La investigaci\u00f3n combina el an\u00e1lisis de los datos provenientes de los Censos Nacionales Agropecuarios con estudios y relevamientos realizados en territorio. A partir de esta informaci\u00f3n se identifican transformaciones en los sistemas productivos hort\u00edcolas, as\u00ed como tambi\u00e9n los desaf\u00edos que enfrenta actualmente el sector en relaci\u00f3n con la producci\u00f3n, la comercializaci\u00f3n y el desarrollo regional.<\/p>\n<p>  Este tipo de estudios resulta de gran importancia para comprender la evoluci\u00f3n de la actividad hort\u00edcola en la regi\u00f3n y para aportar herramientas que permitan analizar el presente y proyectar el futuro del sector productivo.<\/p>\n<p>  Fuentes:<br \/>  Instituto Nacional de Tecnolog\u00eda Agropecuaria (INTA) \u2013 Informe \u201cTerritorios hort\u00edcolas en transformaci\u00f3n. An\u00e1lisis de la horticultura cuyana (1988\u20132018)\u201d.<\/p>\n<p>  \ud83d\udcc4 Informe completo: <a href=\"https:\/\/repositorio.inta.gob.ar\/handle\/20.500.12123\/25619\">repositorio.inta.gob.ar\/handle\/20.500.12123\/25619<\/a><\/p>\n<p>  \ud83d\udcca Anexos del informe: <a href=\"https:\/\/repositorio.inta.gob.ar\/xmlui\/handle\/20.500.12123\/25635\">repositorio.inta.gob.ar\/xmlui\/handle\/20.500.12123\/25635<\/a>      <\/div>\n<p>  <\/div>\n<p><\/p>\n<div class=\"postie-attachments\"><img decoding=\"async\" src=\"https:\/\/sociedaddechacareros.com.ar\/sj\/novedades\/wp-content\/uploads\/sites\/2\/2026\/04\/ChatGPT-Image-13-abr-2026-10_07_15-a.m.png\" alt=\"\" width=\"678px\" height=\"678px\" class=\"aligncenter size-full wp-image-523\" srcset=\"https:\/\/sociedaddechacareros.com.ar\/sj\/novedades\/wp-content\/uploads\/sites\/2\/2026\/04\/ChatGPT-Image-13-abr-2026-10_07_15-a.m.png 1024w, https:\/\/sociedaddechacareros.com.ar\/sj\/novedades\/wp-content\/uploads\/sites\/2\/2026\/04\/ChatGPT-Image-13-abr-2026-10_07_15-a.m-300x300.png 300w, https:\/\/sociedaddechacareros.com.ar\/sj\/novedades\/wp-content\/uploads\/sites\/2\/2026\/04\/ChatGPT-Image-13-abr-2026-10_07_15-a.m-150x150.png 150w, https:\/\/sociedaddechacareros.com.ar\/sj\/novedades\/wp-content\/uploads\/sites\/2\/2026\/04\/ChatGPT-Image-13-abr-2026-10_07_15-a.m-768x768.png 768w\" sizes=\"(max-width: 1024px) 100vw, 1024px\" \/><\/div>\n<\/div>\n","protected":false},"excerpt":{"rendered":"<p>&emsp;Un reciente informe elaborado por investigadores del INTA analiza los cambios que atraves\u00f3 la horticultura en San Juan y Mendoza durante los \u00faltimos 30 a\u00f1os. Un informe recientemente publicado por investigadores del Instituto Nacional de Tecnolog\u00eda Agropecuaria (INTA) analiza la evoluci\u00f3n de la horticultura en la regi\u00f3n de Cuyo entre los a\u00f1os 1988 y 2018. [&hellip;]<\/p>\n","protected":false},"author":3,"featured_media":523,"comment_status":"closed","ping_status":"","sticky":false,"template":"","format":"standard","meta":{"footnotes":""},"categories":[1],"tags":[],"class_list":["post-522","post","type-post","status-publish","format-standard","has-post-thumbnail","hentry","category-sin-categoria"],"_links":{"self":[{"href":"https:\/\/sociedaddechacareros.com.ar\/sj\/novedades\/wp-json\/wp\/v2\/posts\/522","targetHints":{"allow":["GET"]}}],"collection":[{"href":"https:\/\/sociedaddechacareros.com.ar\/sj\/novedades\/wp-json\/wp\/v2\/posts"}],"about":[{"href":"https:\/\/sociedaddechacareros.com.ar\/sj\/novedades\/wp-json\/wp\/v2\/types\/post"}],"author":[{"embeddable":true,"href":"https:\/\/sociedaddechacareros.com.ar\/sj\/novedades\/wp-json\/wp\/v2\/users\/3"}],"replies":[{"embeddable":true,"href":"https:\/\/sociedaddechacareros.com.ar\/sj\/novedades\/wp-json\/wp\/v2\/comments?post=522"}],"version-history":[{"count":1,"href":"https:\/\/sociedaddechacareros.com.ar\/sj\/novedades\/wp-json\/wp\/v2\/posts\/522\/revisions"}],"predecessor-version":[{"id":525,"href":"https:\/\/sociedaddechacareros.com.ar\/sj\/novedades\/wp-json\/wp\/v2\/posts\/522\/revisions\/525"}],"wp:featuredmedia":[{"embeddable":true,"href":"https:\/\/sociedaddechacareros.com.ar\/sj\/novedades\/wp-json\/wp\/v2\/media\/523"}],"wp:attachment":[{"href":"https:\/\/sociedaddechacareros.com.ar\/sj\/novedades\/wp-json\/wp\/v2\/media?parent=522"}],"wp:term":[{"taxonomy":"category","embeddable":true,"href":"https:\/\/sociedaddechacareros.com.ar\/sj\/novedades\/wp-json\/wp\/v2\/categories?post=522"},{"taxonomy":"post_tag","embeddable":true,"href":"https:\/\/sociedaddechacareros.com.ar\/sj\/novedades\/wp-json\/wp\/v2\/tags?post=522"}],"curies":[{"name":"wp","href":"https:\/\/api.w.org\/{rel}","templated":true}]}}